{"id":81695,"date":"2022-04-17T18:28:49","date_gmt":"2022-04-17T16:28:49","guid":{"rendered":"https:\/\/www.arthaudyachting.com\/?p=81695"},"modified":"2024-04-12T15:58:23","modified_gmt":"2024-04-12T13:58:23","slug":"es-firo-a-soller-the-perfect-time-to-visit-mallorca","status":"publish","type":"post","link":"https:\/\/www.arthaudyachting.com\/en\/es-firo-a-soller-the-perfect-time-to-visit-mallorca\/","title":{"rendered":"Es fir\u00f3 \u00e0 soller, the perfect time to visit Mallorca!"},"content":{"rendered":"<p>Mallorca is the largest of the Balearic Islands. A paradise in the Mediterranean Sea off south-east Spain, this charming island attracts many visitors. With its idyllic beaches, fishing villages and steep cliffs, the island is full of breathtaking scenery and picturesque, authentic spots. The Es Fir\u00f3 festival in Port de S\u00f3ller is one of the most popular events on the Iberian island. Es Fir\u00f3 in S\u00f3ller, the perfect time to visit Mallorca! You&#8217;ll be convinced after reading on.<\/p>\n<h2>What is the Es Fir\u00f3 de S\u00f3ller festival?<\/h2>\n<p><img decoding=\"async\" class=\"alignleft wp-image-68630\" src=\"https:\/\/www.arthaudyachting.com\/wp-content\/uploads\/2022\/04\/es-firo-a-soller-le-bon-moment-pour-visiter-majorque-2.jpg\" alt=\"|\" width=\"450\" height=\"675\" title=\"|\"><\/p>\n<p>The Es Fir\u00f3 festival is an annual event held in the Mallorcan town of S\u00f3ller. It commemorates the Moorish invasion of the island on 11 May 1561. At the beginning of 1561, the Viceroy of Mallorca decided to attack the coast of Algiers and sent two frigates to North Africa. The aim was to combat the numerous pirates posing a formidable threat to the entire Mediterranean. A fleet of Turkish and Algerian pirates invaded Majorca. The defence of the island&#8217;s inhabitants, particularly the Christians of S\u00f3ller, enabled the invading Moors to flee the island.<\/p>\n<p>The festival celebrating the victory of the Sollerics is celebrated by the villagers through a re-enacted mock battle. The villagers dress up in traditional costumes to represent the Christians and pirate garb to represent the privateers, who also paint their faces black. The victory of the sollerics is celebrated with a huge party, dances, fireworks and other festivities.<\/p>\n<h2>Why visit Mallorca during Es Fir\u00f3 de S\u00f3ller?<\/h2>\n<p>Es Fir\u00f3 is a very important festival for all Mallorcans. It takes place every second Monday in May and is extremely popular. Thousands of costumed locals gather at the Port of S\u00f3ller to re-enact the battle and the flight of the Moors. The day is marked by a gathering of locals on the beach, followed by a celebration featuring song, dance, wine and fireworks.<\/p>\n<p>The day is marked by the ringing of S\u00f3ller&#8217;s bells. The locals divide into two clans: Christians and Moors, to re-enact the battles. They meet in the Plaza de los Estiradors, before heading for the beach at Can Gener\u00f3s. The sollerics simulate the battle in which the Moors were repulsed. The villagers then head to Repic beach for a second battle with music! A final event takes place in the Plaza de la Constituci\u00f3n, where the spurned pirates attempt to sack and pillage the town before being finally repelled by the sollerics.<\/p>\n<p>The festival represents the folklore of the period. It is very lively and noisy. But it&#8217;s a must-see if you want to discover some of the island&#8217;s history, traditions and folklore. The right time of year, the energy, the infectious good humour and the interest make it a must-see for any visitor to Mallorca.<\/p>\n<h2>How can you visit Mallorca during Es Fir\u00f3 de S\u00f3ller?<\/h2>\n<p><img decoding=\"async\" class=\"alignright wp-image-68632\" src=\"https:\/\/www.arthaudyachting.com\/wp-content\/uploads\/2022\/04\/es-firo-a-soller-le-bon-moment-pour-visiter-majorque-3.jpg\" alt=\"|\" width=\"450\" height=\"675\" title=\"|\"><\/p>\n<p><a href=\"https:\/\/charter.arthaudyachting.com\/mallorca-yacht-charter-boat-rental\/\" target=\"_blank\" rel=\"noopener\">Visiting Mallorca during Es Fir\u00f3<\/a> means discovering the many charming places in S\u00f3ller. Access to the city is easy for visitors from Palma de Mallorca, the capital of the Balearic Islands. A 3023-metre-long road tunnel quickly links the two towns. In the village square, you can obtain information from the tourist office and pick up a map. The town is a delight to stroll through, with its beautiful villas and fragrant orange groves. Among the monuments to visit is a church dating from the 15th and 16th centuries. The port and beach are a delight for water sports enthusiasts. There are restaurants just a stone&#8217;s throw from the beach.<\/p>\n<p>Outside the harbour, the areas around the Place de la Constitution and the town centre are the most visited and liveliest parts of the town. Here you&#8217;ll find shops, restaurants, museums and a church. The Can Prunera Museum of Art Nouveau is well worth a visit. Housed in a magnificent French Art Nouveau-style house, the museum boasts a permanent collection of paintings by artists from all over the world who were part of the Art Nouveau movement.<\/p>\n<p>The town of S\u00f3ller also has a magnificent, picturesque tramway running from the valley to the port. In the evening, a stroll along the harbour or the beach is a must. Visiting Mallorca during Es Fir\u00f3 is, of course, a great way to enjoy the festive atmosphere. But it&#8217;s also an opportunity to take a closer look at the island&#8217;s history through its historic monuments and museums.<\/p>\n<p><a href=\"https:\/\/charter.arthaudyachting.com\/mallorca-yacht-charter-boat-rental\/\" target=\"_blank\" rel=\"noopener\">Mallorca<\/a> is an Iberian treasure trove of heavenly coves and unspoilt natural surroundings. Visiting the island during Es Fir\u00f3 in S\u00f3ller is guaranteed to immerse you in an unforgettably lively and folkloric atmosphere. It&#8217;s also an opportunity to discover this pretty town, which is easily accessible from Palma de Mallorca. Not to be missed!<\/p>\n","protected":false},"excerpt":{"rendered":"<p>Mallorca is the largest of the Balearic Islands. A paradise in the Mediterranean Sea off south-east Spain, this charming island attracts many visitors. With its idyllic beaches, fishing villages and steep cliffs, the island is full of breathtaking scenery and picturesque, authentic spots. The Es Fir\u00f3 festival in Port de S\u00f3ller is one of the most popular events on the<\/p>\n<div class=\"h10\"><\/div>\n<p><a class=\"more-link2 flat\" href=\"https:\/\/www.arthaudyachting.com\/en\/es-firo-a-soller-the-perfect-time-to-visit-mallorca\/\">Read more<\/a><\/p>\n","protected":false},"author":1,"featured_media":68680,"comment_status":"open","ping_status":"closed","sticky":false,"template":"","format":"standard","meta":{"_acf_changed":false,"footnotes":""},"categories":[571],"tags":[],"class_list":["post-81695","post","type-post","status-publish","format-standard","has-post-thumbnail","hentry","category-travel"],"acf":[],"_links":{"self":[{"href":"https:\/\/www.arthaudyachting.com\/en\/wp-json\/wp\/v2\/posts\/81695","targetHints":{"allow":["GET"]}}],"collection":[{"href":"https:\/\/www.arthaudyachting.com\/en\/wp-json\/wp\/v2\/posts"}],"about":[{"href":"https:\/\/www.arthaudyachting.com\/en\/wp-json\/wp\/v2\/types\/post"}],"author":[{"embeddable":true,"href":"https:\/\/www.arthaudyachting.com\/en\/wp-json\/wp\/v2\/users\/1"}],"replies":[{"embeddable":true,"href":"https:\/\/www.arthaudyachting.com\/en\/wp-json\/wp\/v2\/comments?post=81695"}],"version-history":[{"count":3,"href":"https:\/\/www.arthaudyachting.com\/en\/wp-json\/wp\/v2\/posts\/81695\/revisions"}],"predecessor-version":[{"id":81698,"href":"https:\/\/www.arthaudyachting.com\/en\/wp-json\/wp\/v2\/posts\/81695\/revisions\/81698"}],"wp:featuredmedia":[{"embeddable":true,"href":"https:\/\/www.arthaudyachting.com\/en\/wp-json\/wp\/v2\/media\/68680"}],"wp:attachment":[{"href":"https:\/\/www.arthaudyachting.com\/en\/wp-json\/wp\/v2\/media?parent=81695"}],"wp:term":[{"taxonomy":"category","embeddable":true,"href":"https:\/\/www.arthaudyachting.com\/en\/wp-json\/wp\/v2\/categories?post=81695"},{"taxonomy":"post_tag","embeddable":true,"href":"https:\/\/www.arthaudyachting.com\/en\/wp-json\/wp\/v2\/tags?post=81695"}],"curies":[{"name":"wp","href":"https:\/\/api.w.org\/{rel}","templated":true}]}}